{"nodes":[{"node":{"nid":"77241","title":"Beyond The Rising Sun: Borderlands Initiative in Tokyo","campus":"Downtown Phoenix campus","locations":"Cronkite School, First Amendment Forum","college_unit":"Walter Cronkite School of Journalism and Mass Communication","department":"","field_cost_value":"Free","event_price_level":"Free","asu_events_price_desc":"Free","body_summary":"\u003Cp\u003EJoin as as we hear from students and professors who traveled to Tokyo as part of the Borderlands \u003C\/p\u003E","full_body":"\u003Cp\u003EJoin as as we hear from students and professors who traveled to Tokyo as part of the Borderlands Initiative this spring as they share more about their projects, experiences and more.\u003C\/p\u003E","phone":"","contactname":"Rodrigo Cervantes","email":"rcerva32@asu.edu","delta":"0","alias":"https:\/\/asuevents.asu.edu\/event\/beyond-rising-sun-borderlands-initiative-tokyo?id=0","ticketing_rsvp_txt":"","ticketing_rsvp_txt2":"","ticketing_rsvp_url":"","ticketing_rsvp_url2":"","website":"","image_url":"https:\/\/asuevents.asu.edu\/sites\/g\/files\/litvpz3506\/files\/2026-04\/Banner_SP26%20Borderlands%20Presentation.png","image_alt":"","image_title":"","start_date":"Apr 29 2026 - 4:00pm","end_date":"Apr 29 2026 - 6:00pm","time_description":"","very_start_date":"2026-04-29T16:00:00Z","very_end_date":"2026-04-29T18:00:00Z","event_types":"Panel","interests":"Academics|Asian|Culture|International|Journalism","audiences":"For current ASU students|For donors|For the community","event_units":"Walter Cronkite School of Journalism and Mass Communication","event_topics":"Academic events|Free|Inclusion","download":"","event_map_url":"https:\/\/maps.app.goo.gl\/rBzpe7rbAVwLLjDq8","event_map_title":"","event_video":"","location_term":"Downtown Phoenix campus","venue_address":"555 N Central Ave.","venue_city":"Phoenix","venue_state":"AZ","venue_zip":"85004","alias-indexed":"https:\/\/asuevents.asu.edu\/event\/beyond-rising-sun-borderlands-initiative-tokyo?id=0","sport_tag":"","game_type":"","subtitle":"Borderlands Initiative in Tokyo","season":"","athletic_conference":"","tv_network":"","radio_station":"","wear_color":"","game_theme":"","history":"","history_text":"","related_stories":"","related_stories_text":"","game_notes":"","game_notes_text":"","recap_link":"","recap_link_text":"","live_stats":"","live_stats_text":"","game_time_tba":"No","sda_all_day":"No","opponent_logo":"","related_videos":"","related_videos_text":""}},{"node":{"nid":"77201","title":"Cross-Cultural Dance Resources Collections Benefit Concert","campus":"Tempe campus","locations":"Margaret Gisolo Dance Theatre","college_unit":"Herberger Institute for Design and the Arts, School of Music, Dance and Theatre","department":"","field_cost_value":"$5-15","event_price_level":"$5-15","asu_events_price_desc":"$5-15","body_summary":"\u003Cdiv class=\u0022StructuredModuleRenderer_structuredContent__k7mNB StructuredModuleRenderer_text__GaXOv\u0022\u003E\u003C\/div\u003E","full_body":"\u003Cdiv class=\u0022StructuredModuleRenderer_structuredContent__k7mNB StructuredModuleRenderer_text__GaXOv\u0022\u003E\u003Cdiv\u003E\u003Cdiv class=\u0022uds-highlighted-heading\u0022\u003E\u003Ch2\u003E\u003Cspan class=\u0022highlight-gold\u0022\u003ECelebrate International Dance Day, Culture and Community at ASU!\u003C\/span\u003E\u003C\/h2\u003E\u003C\/div\u003E\u003C\/div\u003E\u003C\/div\u003E\u003Cdiv class=\u0022StructuredModuleRenderer_structuredContent__k7mNB StructuredModuleRenderer_text__GaXOv\u0022\u003E\u003Cdiv\u003E\u003Cp\u003EArizona State University\u2019s Cross-Cultural Dance Resources Collections (CCDRC) will host the 2026 Benefit Concert, a celebration of the global Sun Devil community. The event will feature cultural activities, international cuisine, engaging exhibits, vibrant music and dance performances. Students, community members, clubs and organizations are encouraged to participate by presenting \u201cRhythms of the World\u201d dance performances that highlight classical, folk or collaborative dance genres and musical performances that reflect diverse cultural stories and traditions. Participants are also welcome to host exhibits\/booths with photography, sculpture, art for sale or cultural artifacts.\u003C\/p\u003E\u003Cdiv\u003E\u003Cstrong\u003EExhibits:\u003C\/strong\u003E\u003C\/div\u003E\u003Cdiv\u003E\u003Ci\u003ECCDRC Art Corner,\u0026nbsp;\u003C\/i\u003E\u003Cspan\u003ESculptor, photography and painting - Praneetha Tangalpalli, Akshata Khandekar and Miles Nichols\u0026nbsp;\u003C\/span\u003E\u003C\/div\u003E\u003Cdiv\u003E\u003Ci\u003EUniverse Under Your Tongue, v\u003C\/i\u003E\u003Cspan\u003Eideo documentation\u0026nbsp;- Arin Sparrow Dineen\u003C\/span\u003E\u003C\/div\u003E\u003Cdiv\u003E\u003Ci\u003ETradition through Contemporary Lens,\u003C\/i\u003E\u003Cspan\u003E\u0026nbsp;Indian Kathak Dance\u0026nbsp;- Saathvika Vegasena, Sayalee Chivate, Nandana Bellamkonda, Sriya Konduri\u003C\/span\u003E\u003C\/div\u003E\u003Cdiv\u003E\u003Ci\u003EKenyan Artifacts \u003C\/i\u003E\u003Cspan\u003E- Dennis Rono\u0026nbsp;\u003C\/span\u003E\u003C\/div\u003E\u003Cdiv\u003E\u0026nbsp;\u003C\/div\u003E\u003Cdiv\u003E\u003Cstrong\u003EPerformances:\u003C\/strong\u003E\u003Cbr\u003E\u003Ci\u003E\u003Cspan\u003ESamudra Manthan,\u003C\/span\u003E\u003C\/i\u003E\u003Cspan\u003E\u0026nbsp;\u003C\/span\u003E\u003Ci\u003E\u003Cspan\u003EIndian Dance -\u003C\/span\u003E\u003C\/i\u003E\u003Cspan\u003E\u0026nbsp;Arshia Rajeshnarayanan and Indian\u0026nbsp;Laasya\u0026nbsp;Team\u003C\/span\u003E\u003Cbr\u003E\u003Ci\u003E\u003Cspan\u003EBallet throughout History - \u003C\/span\u003E\u003C\/i\u003E\u003Cspan\u003EKylie Wright\u0026nbsp;\u003C\/span\u003E\u003Cbr\u003E\u003Ci\u003E\u003Cspan\u003EEarth - Dai Ethnic Dance, Chinese dance -\u0026nbsp;\u003C\/span\u003E\u003C\/i\u003E\u003Cspan\u003EYawen Luo\u0026nbsp;\u003C\/span\u003E\u003Cbr\u003E\u003Ci\u003E\u003Cspan\u003ELines Up -\u0026nbsp;\u003C\/span\u003E\u003C\/i\u003E\u003Cspan\u003EA film by\u0026nbsp;Rinku\u0026nbsp;Das and Dean Saifullin\u003C\/span\u003E\u003Cbr\u003E\u003Ci\u003E\u003Cspan\u003EAuction\u003C\/span\u003E\u003C\/i\u003E\u003Cspan\u003E\u0026nbsp;- Dr. David Gowey\u003C\/span\u003E\u003Cbr\u003E\u003Ci\u003E\u003Cspan\u003EThe\u003C\/span\u003E\u003C\/i\u003E\u0026nbsp;Zapateo Tabasque\u0144o, Mexican Dance -\u0026nbsp;Mitchell Castro\u0026nbsp;\u003Cbr\u003E\u003Ci\u003E\u003Cspan\u003EIDi\u00ed\u0027 h\u00f3h\u00f3\u0027\u00f3 ninteego, di\u00ed e\u00ed ak\u00e9\u00e9di d\u00f3leet, Indigenous Dance\u003C\/span\u003E\u003C\/i\u003E\u0026nbsp;- Garrett Keeto\u0026nbsp;\u003Cbr\u003E\u003Ci\u003E\u003Cspan\u003EKaze No Denwa\u0022 (Wind Phone) contemporary dance\u003C\/span\u003E\u003C\/i\u003E\u0026nbsp;- Lawrence Fung\u003Cbr\u003E\u003Ci\u003E\u003Cspan\u003EHoop Dance \u003C\/span\u003E\u003C\/i\u003E- a film by Solana Armatage\u003Cbr\u003E\u003Ci\u003E\u003Cspan\u003ELine Dance open to all -\u0026nbsp;\u003C\/span\u003E\u003C\/i\u003EDr. Mrinal Das\u003C\/div\u003E\u003Cp\u003E(Please use Visitor Lot #27 for parking.)\u003C\/p\u003E\u003C\/div\u003E\u003C\/div\u003E","phone":"","contactname":"","email":"rbdas1@asu.edu","delta":"0","alias":"https:\/\/asuevents.asu.edu\/event\/cross-cultural-dance-resources-collections-benefit-concert?id=0","ticketing_rsvp_txt":"Register Now!","ticketing_rsvp_txt2":"","ticketing_rsvp_url":"https:\/\/www.eventbrite.com\/e\/ccdr-collections-benefit-concert-tickets-1985071716942?keep_tld=true","ticketing_rsvp_url2":"","website":"","image_url":"https:\/\/asuevents.asu.edu\/sites\/g\/files\/litvpz3506\/files\/2026-04\/CCDRC.png","image_alt":"","image_title":"","start_date":"Apr 29 2026 - 6:00pm","end_date":"Apr 29 2026 - 8:00pm","time_description":"Wednesday, April 29 from 6 to 8 p.m.","very_start_date":"2026-04-29T18:00:00Z","very_end_date":"2026-04-29T20:00:00Z","event_types":"Performance","interests":"Arts and Creative Expression|Culture|Dance|Research","audiences":"For alumni|For current ASU students|For staff|For faculty|For the community","event_units":"Herberger Institute for Design and the Arts|School of Music, Dance and Theatre","event_topics":"Arts and entertainment|Family friendly|Inclusion|Open to the public","download":"","event_map_url":"https:\/\/maps.app.goo.gl\/oDrqGpRVBgh2e4dw8","event_map_title":"","event_video":"","location_term":"Tempe campus","venue_address":"611 E. Orange St.","venue_city":"Tempe","venue_state":"AZ","venue_zip":"85281","alias-indexed":"https:\/\/asuevents.asu.edu\/event\/cross-cultural-dance-resources-collections-benefit-concert?id=0","sport_tag":"","game_type":"","subtitle":"","season":"","athletic_conference":"","tv_network":"","radio_station":"","wear_color":"","game_theme":"","history":"","history_text":"","related_stories":"","related_stories_text":"","game_notes":"","game_notes_text":"","recap_link":"","recap_link_text":"","live_stats":"","live_stats_text":"","game_time_tba":"No","sda_all_day":"No","opponent_logo":"","related_videos":"","related_videos_text":""}},{"node":{"nid":"77821","title":"Hidden Cultures at ASU","campus":"Tempe campus","locations":"Amphitheater Room, Student Services Building","college_unit":"Office of Inclusive Excellence, Office of University Provost","department":"","field_cost_value":"Free","event_price_level":"Free","asu_events_price_desc":"Free","body_summary":"\u003Cp\u003EHidden Cultures at ASU is an interactive cultural engagement series that highlights underrepresen\u003C\/p\u003E","full_body":"\u003Cp\u003EHidden Cultures at ASU is an interactive cultural engagement series that highlights underrepresented international communities on campus. This event creates a welcoming space for students, staff, and faculty to learn directly from international student ambassadors and scholars through storytelling, cultural insights, and dialogue.\u003C\/p\u003E\u003Cp\u003EJoin us for a special session featuring presenters from \u003Cspan\u003E\u003Cstrong\u003ESoutheastern Europe and the Balkans\u003C\/strong\u003E, who will share their cultural backgrounds, personal experiences, and perspectives.\u003C\/span\u003E\u003C\/p\u003E\u003Cp\u003E\u003Cstrong\u003EFeatured Cultural Ambassadors \u0026amp; Presenters\u003C\/strong\u003E\u003C\/p\u003E\u003Cp\u003E\u003Cstrong\u003EAlma Telibecirevic\u003C\/strong\u003E\u003Cspan\u003E \u003Cstrong\u003E\u2013 Bosnia and Herzegovina\u003C\/strong\u003E\u003C\/span\u003E\u003Cbr\u003E\u003Cspan\u003EProgram Manager, Center for Responsible Supply Chain Management\u003C\/span\u003E\u003Cbr\u003E\u003Cspan\u003ENASPO Department of Supply Chain Management, W. P. Carey School of Business\u003C\/span\u003E\u003C\/p\u003E\u003Cp\u003E\u003Cstrong\u003EElira Canga \u2013 Albania\u003C\/strong\u003E\u003Cbr\u003E\u003Cspan\u003EResearch Assistant \u0026amp; Teaching Instructor\u003C\/span\u003E\u003Cbr\u003E\u003Cspan\u003EDoctoral Student, Journalism and Mass Communication\u003C\/span\u003E\u003C\/p\u003E\u003Cp\u003E\u003Cstrong\u003EGordana Vin\u010di\u0107\u003C\/strong\u003E\u003Cspan\u003E \u003Cstrong\u003E\u2013 Serbia\u003C\/strong\u003E\u003C\/span\u003E\u003Cbr\u003E\u003Cspan\u003EMGM Candidate, Thunderbird School of Global Management\u003C\/span\u003E\u003Cbr\u003E\u003Cspan\u003EAdjunct Professor, Paradise Valley Community College\u003C\/span\u003E\u003C\/p\u003E\u003Cp\u003E\u003Cstrong\u003ELjubomir Filipovic\u003C\/strong\u003E\u003Cspan\u003E \u003Cstrong\u003E\u2013 Montenegro\u003C\/strong\u003E\u003C\/span\u003E\u003Cbr\u003E\u003Cspan\u003EDoctoral Student, School of Politics and Global Studies\u003C\/span\u003E\u003C\/p\u003E\u003Cp\u003E\u003Cstrong\u003ERostislav Gordeev\u003C\/strong\u003E\u003Cspan\u003E \u003Cstrong\u003E\u2013 Bulgaria\u003C\/strong\u003E\u003C\/span\u003E\u003Cbr\u003E\u003Cspan\u003EBachelor of Science in Computer Science, Barrett, The Honors College\u003C\/span\u003E\u003C\/p\u003E\u003Cp\u003E\u003Cstrong\u003EWhat to Expect\u003C\/strong\u003E\u003C\/p\u003E\u003Cp\u003E\u2022\u0026nbsp;\u0026nbsp;\u0026nbsp;\u0026nbsp;Cultural presentations and storytelling\u003Cbr\u003E\u003Cspan\u003E\u2022\u0026nbsp;\u0026nbsp;\u0026nbsp;\u0026nbsp;Opportunities for dialogue and audience engagement\u003C\/span\u003E\u003Cbr\u003E\u003Cspan\u003E\u2022\u0026nbsp;\u0026nbsp;\u0026nbsp;\u0026nbsp;Community connection and cross-cultural learning\u003C\/span\u003E\u003Cbr\u003E\u003Cspan\u003E\u0026nbsp;\u003C\/span\u003E\u003C\/p\u003E\u003Cp\u003EThis event is open to ASU students, faculty, and staff. All are welcome to attend and engage in meaningful conversations that foster inclusion and global understanding.\u003C\/p\u003E\u003Cp\u003EFood will be provided. Please register in advance so we know how many are coming.\u003C\/p\u003E\u003Cp\u003E\u003Ca class=\u0022btn btn-gold\u0022 href=\u0022https:\/\/na.eventscloud.com\/hiddencultures3\u0022\u003E\u003Cspan class=\u0022text\u0022\u003ERegister Here\u003C\/span\u003E\u003C\/a\u003E\u003C\/p\u003E\u003Cp\u003EHosted by the International Students and Scholars Center (ISSC).\u003Cbr\u003E\u003Cspan\u003EIn partnership with the Committee for Campus Inclusion and the Office of Inclusive Excellence.\u003C\/span\u003E\u003C\/p\u003E","phone":"","contactname":"Rozita Smith","email":"rozita.smith@asu.edu","delta":"0","alias":"https:\/\/asuevents.asu.edu\/event\/hidden-cultures-asu-1?id=0","ticketing_rsvp_txt":"","ticketing_rsvp_txt2":"","ticketing_rsvp_url":"","ticketing_rsvp_url2":"","website":"","image_url":"https:\/\/asuevents.asu.edu\/sites\/g\/files\/litvpz3506\/files\/2026-04\/HC%20image.png","image_alt":"","image_title":"","start_date":"May 1 2026 - 11:00am","end_date":"May 1 2026 - 1:00pm","time_description":"","very_start_date":"2026-05-01T11:00:00Z","very_end_date":"2026-05-01T13:00:00Z","event_types":"Featured, Presentation","interests":"Connections|Cultural Experience and Identity|Culture|Global|Inclusion|International","audiences":"For current ASU students|For staff|For faculty|For international students","event_units":"Office of Inclusive Excellence|Office of University Provost","event_topics":"Campus life|Free|Inclusion","download":"\/sites\/g\/files\/litvpz3506\/files\/2026-04\/HC%205.1.2026%20flyer.png","event_map_url":"https:\/\/maps.app.goo.gl\/uiDgiiBFirmguSVt7","event_map_title":"","event_video":"","location_term":"Tempe campus","venue_address":"1151 S. Forest Ave. ","venue_city":"Tempe","venue_state":"Arizona","venue_zip":"85281","alias-indexed":"https:\/\/asuevents.asu.edu\/event\/hidden-cultures-asu-1?id=0","sport_tag":"","game_type":"","subtitle":"","season":"","athletic_conference":"","tv_network":"","radio_station":"","wear_color":"","game_theme":"","history":"","history_text":"","related_stories":"","related_stories_text":"","game_notes":"","game_notes_text":"","recap_link":"","recap_link_text":"","live_stats":"","live_stats_text":"","game_time_tba":"No","sda_all_day":"No","opponent_logo":"","related_videos":"","related_videos_text":""}},{"node":{"nid":"77906","title":"Chicano\/Latino Faculty and Staff Association End-of-the-Year Celebration","campus":"Off campus","locations":"Jose Cardenas\u2019s home in Chandler","college_unit":"Office of Inclusive Excellence","department":"","field_cost_value":"Free","event_price_level":"Free","asu_events_price_desc":"Free","body_summary":"\u003Cp\u003EJoin the Chicano\/Latino Faculty and Staff Association (CLFSA) for its annual End-of-Year Celebrat\u003C\/p\u003E","full_body":"\u003Cp\u003EJoin the Chicano\/Latino Faculty and Staff Association (CLFSA) for its annual End-of-Year Celebration! This party is a celebration of our scholarship recipients, stellar members of CLFSA and their accomplishments. It is also an opportunity for our CLFSA members to connect.\u0026nbsp;\u0026nbsp;\u003C\/p\u003E\u003Cp dir=\u0022ltr\u0022\u003E\u0026nbsp;\u003C\/p\u003E\u003Cp dir=\u0022ltr\u0022\u003E\u0026nbsp;\u003C\/p\u003E\u003Cp\u003E\u0026nbsp;\u003C\/p\u003E","phone":"","contactname":"","email":"clfsa@asu.edu","delta":"0","alias":"https:\/\/asuevents.asu.edu\/event\/chicanolatino-faculty-and-staff-association-end-year-celebration?id=0","ticketing_rsvp_txt":"RSVP","ticketing_rsvp_txt2":"","ticketing_rsvp_url":"https:\/\/docs.google.com\/forms\/d\/e\/1FAIpQLSdlVZa6qcoA_j3QkxevjjHcGGzMDXNSv9obsSkTnV9NABJ_HQ\/viewform","ticketing_rsvp_url2":"","website":"","image_url":"https:\/\/asuevents.asu.edu\/sites\/g\/files\/litvpz3506\/files\/2026-04\/CLFSA%20end%20of%20the%20year%20celebration.png-1.jpg","image_alt":"","image_title":"","start_date":"May 1 2026 - 5:30pm","end_date":"May 1 2026 - 7:00pm","time_description":"","very_start_date":"2026-05-01T17:30:00Z","very_end_date":"2026-05-01T19:00:00Z","event_types":"Off-campus, Other","interests":"Academic and Professional Enhancement|Community|Culture|Faculty and staff|Inclusion","audiences":"For donors|For staff|For faculty","event_units":"Office of Inclusive Excellence","event_topics":"Inclusion","download":"","event_map_url":"","event_map_title":"","event_video":"","location_term":"Off campus","venue_address":"","venue_city":"","venue_state":"","venue_zip":"","alias-indexed":"https:\/\/asuevents.asu.edu\/event\/chicanolatino-faculty-and-staff-association-end-year-celebration?id=0","sport_tag":"","game_type":"","subtitle":"","season":"","athletic_conference":"","tv_network":"","radio_station":"","wear_color":"","game_theme":"","history":"","history_text":"","related_stories":"","related_stories_text":"","game_notes":"","game_notes_text":"","recap_link":"","recap_link_text":"","live_stats":"","live_stats_text":"","game_time_tba":"No","sda_all_day":"No","opponent_logo":"","related_videos":"","related_videos_text":""}},{"node":{"nid":"77661","title":"Indigenous Waffle Gardening","campus":"Off campus","locations":"Tonatierra Community Development Institute","college_unit":"Julie Ann Wrigley Global Futures Laboratory, Rob Walton College of Global Futures, School of Sustainability, Swette Center for Sustainable Food Systems","department":"","field_cost_value":"Free","event_price_level":"Free","asu_events_price_desc":"Free","body_summary":"\u003Cdiv class=\u0022StructuredModuleRenderer_structuredContent__k7mNB StructuredModuleRenderer_text__GaXOv\u0022\u003E\u003C\/div\u003E","full_body":"\u003Cdiv class=\u0022StructuredModuleRenderer_structuredContent__k7mNB StructuredModuleRenderer_text__GaXOv\u0022\u003E\u003Cdiv\u003E\u003Cp\u003EJoin us for a special morning of seed planting, learning, and connecting at Tonatierra Community Garden!\u003C\/p\u003E\u003C\/div\u003E\u003C\/div\u003E\u003Cdiv class=\u0022StructuredModuleRenderer_structuredContent__k7mNB StructuredModuleRenderer_text__GaXOv\u0022\u003E\u003Cdiv\u003E\u003Cp\u003EASU student leader and Din\u00e9 educator, \u003Cstrong\u003EChandlee Begay\u003C\/strong\u003E,\u003Cstrong\u003E \u003C\/strong\u003Ewill guide us in planting a traditional Zuni waffle garden with seeds for amaranth, tepary beans, gourds, and sunflowers. Attendees will also learn about the Xinachtli Seed Library and the importance of Indigenous community garden projects as connections to ancestral foods, Indigenous languages, and community health. We hope to see you there!\ud83c\udf3b\u003C\/p\u003E\u003Cp\u003EThis event is a collaboration between the \u003Ca href=\u0022https:\/\/www.tonatierra.org\/\u0022 target=\u0022_blank\u0022 title=\u0022https:\/\/www.tonatierra.org\/\u0022\u003ETonatierra Community Development Institute\u003C\/a\u003E and the \u003Ca href=\u0022https:\/\/foodsystems.asu.edu\/\u0022 target=\u0022_blank\u0022 title=\u0022https:\/\/foodsystems.asu.edu\u0022\u003EASU Swette Center for Sustainable Food Systems\u003C\/a\u003E.\u003C\/p\u003E\u003Cp\u003E\u003Cstrong\u003EEvent highlights include:\u003C\/strong\u003E\u003C\/p\u003E\u003Cul class=\u0022wp-default-list default-list uds-list\u0022\u003E\u003Cli\u003EBlessing and welcoming\u003C\/li\u003E\u003Cli\u003ETeaching of the waffle garden design\u003C\/li\u003E\u003Cli\u003EWaffle garden work party\u003C\/li\u003E\u003Cli\u003EClosing blessing and watering of the seeds\u003C\/li\u003E\u003Cli\u003ESharing of the Xinachtli Seed Library project\u003C\/li\u003E\u003Cli\u003ERefreshments, snacks, and socializing\u003C\/li\u003E\u003C\/ul\u003E\u003Cp\u003E\u003Cstrong\u003EWhat is a waffle garden?\u003C\/strong\u003E\u003C\/p\u003E\u003Cp\u003E\u0022The Indigenous people of Zuni Pueblo, New Mexico, have used the waffle garden method for thousands of years as an effective way to garden without using high amounts of precious water resources. The technique uses compacted grids, dug and shaped just below ground level, with walls of varying heights.\u0022 You can learn more about waffle gardens \u003Ca href=\u0022https:\/\/nuwao.org.nz\/waffle-gardens\/\u0022 target=\u0022_blank\u0022 title=\u0022https:\/\/nuwao.org.nz\/waffle-gardens\/\u0022\u003Ehere\u003C\/a\u003E.\u003C\/p\u003E\u003C\/div\u003E\u003C\/div\u003E","phone":"","contactname":"Sara El-Sayed","email":"Sara.Elsayed@asu.edu","delta":"0","alias":"https:\/\/asuevents.asu.edu\/event\/indigenous-waffle-gardening?id=0","ticketing_rsvp_txt":"Register here","ticketing_rsvp_txt2":"","ticketing_rsvp_url":"https:\/\/www.eventbrite.com\/e\/indigenous-waffle-gardening-at-tonatierra-tickets-1987464366421?aff=oddtdtcreator","ticketing_rsvp_url2":"","website":"","image_url":"https:\/\/asuevents.asu.edu\/sites\/g\/files\/litvpz3506\/files\/2026-04\/20260304%20Chandlee%20Begay%20661.jpg","image_alt":"","image_title":"","start_date":"May 3 2026 - 8:00am","end_date":"May 3 2026 - 10:30am","time_description":"","very_start_date":"2026-05-03T08:00:00Z","very_end_date":"2026-05-03T10:30:00Z","event_types":"Off-campus","interests":"Community involvement|Culture|Environment|Native American|Sustainability","audiences":"For current ASU students|For staff|For faculty|For the community","event_units":"Julie Ann Wrigley Global Futures Laboratory|Rob Walton College of Global Futures|School of Sustainability|Swette Center for Sustainable Food Systems","event_topics":"Free|Open to the public|Sustainability","download":"","event_map_url":"https:\/\/maps.app.goo.gl\/m2b7o4Lah4WF5Ebf6","event_map_title":"","event_video":"","location_term":"Off campus","venue_address":"802 N 7th St","venue_city":"Phoenix","venue_state":"AZ","venue_zip":"85006","alias-indexed":"https:\/\/asuevents.asu.edu\/event\/indigenous-waffle-gardening?id=0","sport_tag":"","game_type":"","subtitle":"","season":"","athletic_conference":"","tv_network":"","radio_station":"","wear_color":"","game_theme":"","history":"","history_text":"","related_stories":"","related_stories_text":"","game_notes":"","game_notes_text":"","recap_link":"","recap_link_text":"","live_stats":"","live_stats_text":"","game_time_tba":"No","sda_all_day":"No","opponent_logo":"","related_videos":"","related_videos_text":""}},{"node":{"nid":"77226","title":"May the Fourth: Star Wars Special Collections ","campus":"Tempe campus","locations":"Hayden Library, Wurzburger Reading Room","college_unit":"ASU Library, ASU Library \u2013 Community Archives, Center for Film, Media and Popular Culture, Department of English","department":"","field_cost_value":"Free","event_price_level":"Free","asu_events_price_desc":"Free","body_summary":"\u003Cp dir=\u0022ltr\u0022\u003EIn a galaxy not so far away, take a look inside the world of\u0026nbsp;\u003Ca href=\u0022https:\/\/libg\u0022\u003E\u003C\/a\u003E\u003C\/p\u003E","full_body":"\u003Cp dir=\u0022ltr\u0022\u003EIn a galaxy not so far away, take a look inside the world of\u0026nbsp;\u003Ca href=\u0022https:\/\/libguides.asu.edu\/film\/special\u0022\u003E\u003Cspan\u003EThe Nicholas A. Salerno Star Wars Collection\u003C\/span\u003E\u003C\/a\u003E\u003Cspan\u003E inside Hayden Library\u2019s Wurzburger Reading Room! On May 4, from noon to 2 p.m., view publicity materials and merchandising products for the original Star Wars film series released from 1977 to 1983.\u003C\/span\u003E\u003C\/p\u003E\u003Cp dir=\u0022ltr\u0022\u003EDiscover press kits and promotional materials; journal, magazine and newspaper articles; still photographs; co-branded and licensed merchandising products; posters; and fabric textiles. Rare items include the \u0022Revenge of the Jedi\u0022 pre-release press kit before the title changed to \u0022Return of the Jedi.\u0022 Merchandising objects include action figures and the Millennium Falcon, Dagobah and Ewok Village playsets.\u003C\/p\u003E\u003Cp dir=\u0022ltr\u0022\u003EInspired by legendary actor\u0026nbsp;\u003Ca href=\u0022https:\/\/news.asu.edu\/20260319-university-news-harrison-ford-address-asus-class-2026-spring-commencement\u0022\u003E\u003Cspan\u003EHarrison Ford\u2019s invitation to speak at ASU Undergraduate\u0026nbsp;Commencement\u003C\/span\u003E\u003C\/a\u003E\u003Cspan\u003E, this special event is hosted by ASU Library with support from the Department of English.\u0026nbsp;\u003C\/span\u003E\u003C\/p\u003E\u003Cp dir=\u0022ltr\u0022\u003E\u003Ca href=\u0022https:\/\/search.asu.edu\/profile\/3173068\u0022\u003ESeonaid Valiant\u003C\/a\u003E\u003Cspan\u003E, director of scholar engagement and interim associate curator for Rare Books, and\u0026nbsp;\u003C\/span\u003E\u003Ca href=\u0022https:\/\/search.asu.edu\/profile\/1250151\u0022\u003E\u003Cspan\u003EKevin Sandler\u003C\/span\u003E\u003C\/a\u003E\u003Cspan\u003E, associate professor in the Film and Media Studies Program who created ASU\u2019s\u0026nbsp;\u003C\/span\u003E\u003Ca href=\u0022https:\/\/catalog.apps.asu.edu\/catalog\/classes\/classlist?keywords=86350\u0026amp;searchType=all\u0026amp;term=2267#detailsOpen=86350-131036\u0022\u003E\u003Cspan\u003EStar Wars Universe course\u003C\/span\u003E\u003C\/a\u003E\u003Cspan\u003E, will answer questions and share fun facts about the collections.\u003C\/span\u003E\u003C\/p\u003E\u003Cp dir=\u0022ltr\u0022\u003E\u003Cstrong\u003EBring a friend and celebrate May the Fourth!\u003C\/strong\u003E\u003C\/p\u003E","phone":"","contactname":"Patty Odle, ASU Library","email":"podle@asu.edu","delta":"0","alias":"https:\/\/asuevents.asu.edu\/event\/may-fourth-star-wars-special-collections?id=0","ticketing_rsvp_txt":"Register","ticketing_rsvp_txt2":"","ticketing_rsvp_url":"https:\/\/asu.libcal.com\/calendar\/librarycommunications\/starwarsspecialcollections","ticketing_rsvp_url2":"","website":"","image_url":"https:\/\/asuevents.asu.edu\/sites\/g\/files\/litvpz3506\/files\/2026-04\/ASU%20Library%20Nicholas%20Salerno%20Star%20Wars%20Collection.jpg","image_alt":"","image_title":"","start_date":"May 4 2026 - 12:00pm","end_date":"May 4 2026 - 2:00pm","time_description":"","very_start_date":"2026-05-04T12:00:00Z","very_end_date":"2026-05-04T14:00:00Z","event_types":"Info session","interests":"Arts and Creative Expression|Cultural Experience and Identity|Culture|Digital culture|English|Film|Libraries","audiences":"For alumni|For current ASU students|For staff|For faculty|For Sun Devil parents and families|For the community","event_units":"ASU Library|ASU Library \u2013 Community Archives|Center for Film, Media and Popular Culture|Department of English","event_topics":"Arts and entertainment|Campus life|Free|Open to the public","download":"","event_map_url":"https:\/\/maps.app.goo.gl\/D5hdqgSfqhjKJ5B37","event_map_title":"","event_video":"","location_term":"Tempe campus","venue_address":"300 E. Orange Mall","venue_city":"Tempe","venue_state":"Arizona","venue_zip":"85287","alias-indexed":"https:\/\/asuevents.asu.edu\/event\/may-fourth-star-wars-special-collections?id=0","sport_tag":"","game_type":"","subtitle":"Star Wars Special Collections ","season":"","athletic_conference":"","tv_network":"","radio_station":"","wear_color":"","game_theme":"","history":"","history_text":"","related_stories":"","related_stories_text":"","game_notes":"","game_notes_text":"","recap_link":"","recap_link_text":"","live_stats":"","live_stats_text":"","game_time_tba":"No","sda_all_day":"No","opponent_logo":"","related_videos":"","related_videos_text":""}},{"node":{"nid":"77656","title":"TJ Walker in Conversation","campus":"California, Los Angeles","locations":"ASU FIDM Museum ","college_unit":"ASU FIDM, Herberger Institute for Design and the Arts","department":"ASU FIDM ","field_cost_value":"Free","event_price_level":"Free","asu_events_price_desc":"Free","body_summary":"\u003Cp\u003EDesigner TJ Walker will be in conversation with author, historian and founder of \u003Cspan\u003ENOMMO Cult\u003C\/span\u003E\u003C\/p\u003E","full_body":"\u003Cp\u003EDesigner TJ Walker will be in conversation with author, historian and founder of \u003Cspan\u003ENOMMO Cultural Strategies\u003C\/span\u003E Tyree Boyd-Pates at the ASU FIDM Museum in Los Angeles. Walker will discuss creating the Los Angeles-based Cross Colours brand which reimagined jeans, hoodies and t-shirts through bold color, oversized proportion and positive messaging, including its tagline \u201cclothing without prejudice.\u0022\u0026nbsp;\u003C\/p\u003E\u003Cp\u003EThis event is in collaboration with the\u003Ca href=\u0022https:\/\/blackdesigncollective.com\/\u0022\u003E Black Design Collective\u003C\/a\u003E and is part of the public programming for our current exhibition,\u003Cstrong\u003E \u003C\/strong\u003E\u003Ca href=\u0022https:\/\/asufidmmuseum.asu.edu\/exhibitions\u0022\u003E\u003Cstrong\u003E\u0022Obsessed: Fashion and Nostalgia in the \u201890s\u0022\u003C\/strong\u003E\u003C\/a\u003E\u003Cspan\u003E open now through June 27. The gallery will be open late for this event.\u003C\/span\u003E\u003C\/p\u003E\u003Cp\u003EPhotograph by Kaitlyn Maxwell\u003C\/p\u003E","phone":"","contactname":"Remington Reble","email":"rreble@asu.edu","delta":"0","alias":"https:\/\/asuevents.asu.edu\/event\/tj-walker-conversation?id=0","ticketing_rsvp_txt":"RSVP here ","ticketing_rsvp_txt2":"","ticketing_rsvp_url":"https:\/\/specialevents.asu.edu\/ereg\/newreg.php?eventid=879258\u0026amp;","ticketing_rsvp_url2":"","website":"","image_url":"https:\/\/asuevents.asu.edu\/sites\/g\/files\/litvpz3506\/files\/2026-04\/Grid%20Post%20%20%286%29.png","image_alt":"","image_title":"","start_date":"May 14 2026 - 6:30pm","end_date":"May 14 2026 - 8:30pm","time_description":"Thursday, May 14 \u003Cbr \/\u003E\r\n6:30\u20138:30 p.m. PDT","very_start_date":"2026-05-14T18:30:00Z","very_end_date":"2026-05-14T20:30:00Z","event_types":"Lecture, Non-exhibition","interests":"ASU California Center \u2013 Grand|ASU FIDM Museum|Culture|Design","audiences":"For alumni|For current ASU students|For donors|For the community","event_units":"ASU FIDM|Herberger Institute for Design and the Arts","event_topics":"Arts and entertainment|Free|Inclusion|Open to the public","download":"","event_map_url":"https:\/\/maps.app.goo.gl\/zL2digzodAsMK6mg6","event_map_title":"","event_video":"","location_term":"California, Los Angeles","venue_address":"919 S. Grand Ave.","venue_city":"Los Angeles","venue_state":"CA ","venue_zip":"90015","alias-indexed":"https:\/\/asuevents.asu.edu\/event\/tj-walker-conversation?id=0","sport_tag":"","game_type":"","subtitle":"","season":"","athletic_conference":"","tv_network":"","radio_station":"","wear_color":"","game_theme":"","history":"","history_text":"","related_stories":"","related_stories_text":"","game_notes":"","game_notes_text":"","recap_link":"","recap_link_text":"","live_stats":"","live_stats_text":"","game_time_tba":"No","sda_all_day":"No","opponent_logo":"","related_videos":"","related_videos_text":""}}]}